
{"id":911,"date":"2026-09-04T18:12:27","date_gmt":"2026-09-04T16:12:27","guid":{"rendered":"https:\/\/www.imobook.fr\/blog\/?p=911"},"modified":"2026-09-04T18:12:28","modified_gmt":"2026-09-04T16:12:28","slug":"vendu-appartement-t3-64-m%c2%b2-sete-4-ponts","status":"publish","type":"post","link":"https:\/\/www.imobook.fr\/blog\/vendu-appartement-t3-64-m%c2%b2-sete-4-ponts\/","title":{"rendered":"Vendu : Appartement T3 64 m\u00b2 S\u00e8te 4 Ponts"},"content":{"rendered":"\n<figure class=\"wp-block-image size-large\"><img loading=\"lazy\" decoding=\"async\" width=\"1024\" height=\"768\" src=\"https:\/\/www.imobook.fr\/blog\/wp-content\/uploads\/2026\/09\/875-347796912-1103-1081-1024x768.jpg\" alt=\"\" class=\"wp-image-912\" srcset=\"https:\/\/www.imobook.fr\/blog\/wp-content\/uploads\/2026\/09\/875-347796912-1103-1081-1024x768.jpg 1024w, https:\/\/www.imobook.fr\/blog\/wp-content\/uploads\/2026\/09\/875-347796912-1103-1081-300x225.jpg 300w, https:\/\/www.imobook.fr\/blog\/wp-content\/uploads\/2026\/09\/875-347796912-1103-1081-768x576.jpg 768w, https:\/\/www.imobook.fr\/blog\/wp-content\/uploads\/2026\/09\/875-347796912-1103-1081-1536x1152.jpg 1536w, https:\/\/www.imobook.fr\/blog\/wp-content\/uploads\/2026\/09\/875-347796912-1103-1081.jpg 1920w\" sizes=\"auto, (max-width: 1024px) 100vw, 1024px\" \/><\/figure>\n\n\n\n<blockquote class=\"wp-block-quote is-layout-flow wp-block-quote-is-layout-flow\">\n<blockquote class=\"wp-block-quote is-layout-flow wp-block-quote-is-layout-flow\">\n<blockquote class=\"wp-block-quote is-layout-flow wp-block-quote-is-layout-flow\">\n<blockquote class=\"wp-block-quote is-layout-flow wp-block-quote-is-layout-flow\">\n<blockquote class=\"wp-block-quote is-layout-flow wp-block-quote-is-layout-flow\">\n<blockquote class=\"wp-block-quote is-layout-flow wp-block-quote-is-layout-flow\">\n<blockquote class=\"wp-block-quote is-layout-flow wp-block-quote-is-layout-flow\">\n<blockquote class=\"wp-block-quote is-layout-flow wp-block-quote-is-layout-flow\">\n<blockquote class=\"wp-block-quote is-layout-flow wp-block-quote-is-layout-flow\">\n<p class=\"wp-block-paragraph\"><\/p>\n<\/blockquote>\n<\/blockquote>\n<\/blockquote>\n<\/blockquote>\n<\/blockquote>\n<\/blockquote>\n<\/blockquote>\n<\/blockquote>\n<\/blockquote>\n\n\n\n<p class=\"wp-block-paragraph\">\ud83c\udfe2 APPARTEMENT<br>\ud83d\udeaa T3<br>\ud83d\udcd0 64 m\u00b2<br>\ud83d\udccd SETE 4 PONTS<br>\ud83d\udecf\ufe0f 2 chambres<br>\ud83d\udec1 1 salle de bain<br>\ud83d\ude99 1 parking int\u00e9rieur<br>\ud83c\udf0a Vue mer<\/p>\n\n\n\n<p class=\"wp-block-paragraph\">\ud83d\udcb6 274 900 \u20ac*<br>*Honoraires Charge Vendeur<\/p>\n\n\n\n<p class=\"wp-block-paragraph\">DPE : D<\/p>\n\n\n\n<p class=\"wp-block-paragraph\">C\u00f4t\u00e9 Centre ville<br>D\u00e9couvrez ce charmant appartement T3 traversant de 60 m\u00b2, offrant une vue remarquable sur la mer et la ville. Un bien rare, id\u00e9alement situ\u00e9 \u00e0 deux pas des commerces et de toutes les commodit\u00e9s, pour un cadre de vie aussi pratique qu&rsquo;agr\u00e9able.<br>D\u00e8s l&rsquo;entr\u00e9e, un hall accueillant dessert un s\u00e9jour lumineux ainsi qu&rsquo;une cuisine \u00e9quip\u00e9e, con\u00e7ue pour allier fonctionnalit\u00e9 et convivialit\u00e9. L&rsquo;espace nuit comprend deux chambres confortables.<br>Vous profiterez \u00e9galement de deux loggias, id\u00e9ales pour appr\u00e9cier un espace ext\u00e9rieur en toute saison, ainsi que d&rsquo;un cellier pour vos rangements et d&rsquo;un local \u00e0 v\u00e9los s\u00e9curis\u00e9.<br>Un parking privatif est propos\u00e9 en suppl\u00e9ment au prix de 15 000 ?\u20ac.<\/p>\n\n\n\n<p class=\"wp-block-paragraph\">ref. 347796912\/1103<\/p>\n\n\n\n<p class=\"wp-block-paragraph\"><a href=\"https:\/\/www.imobook.fr\/fr\/annonce\/vente-p-r7-347796912.html\">https:\/\/www.imobook.fr\/fr\/annonce\/vente-p-r7-347796912.html<\/a><\/p>\n","protected":false},"excerpt":{"rendered":"<p>\ud83c\udfe2 APPARTEMENT\ud83d\udeaa T3\ud83d\udcd0 64 m\u00b2\ud83d\udccd SETE 4 PONTS\ud83d\udecf\ufe0f 2 chambres\ud83d\udec1 1 salle de bain\ud83d\ude99 1 parking int\u00e9rieur\ud83c\udf0a Vue mer \ud83d\udcb6 274 900 \u20ac**Honoraires Charge Vendeur DPE : D C\u00f4t\u00e9 Centre villeD\u00e9couvrez ce charmant appartement T3 traversant de 60 m\u00b2, offrant une vue remarquable sur la mer et la ville. Un bien rare, id\u00e9alement situ\u00e9 \u00e0&#8230;  <a class=\"excerpt-read-more\" href=\"https:\/\/www.imobook.fr\/blog\/vendu-appartement-t3-64-m%c2%b2-sete-4-ponts\/\" title=\"LireVendu : Appartement T3 64 m\u00b2 S\u00e8te 4 Ponts\">Lire la suite &raquo;<\/a><\/p>\n","protected":false},"author":2,"featured_media":912,"comment_status":"closed","ping_status":"closed","sticky":false,"template":"","format":"standard","meta":{"footnotes":""},"categories":[5],"tags":[37,18,12,16,21,14],"class_list":["post-911","post","type-post","status-publish","format-standard","has-post-thumbnail","hentry","category-biens-vendus","tag-4ponts","tag-appartement","tag-imobook","tag-sete","tag-t3","tag-vendu"],"yoast_head":"<!-- This site is optimized with the Yoast SEO plugin v28.4 - https:\/\/yoast.com\/product\/yoast-seo-wordpress\/ -->\n<title>Vendu : Appartement T3 64 m\u00b2 S\u00e8te 4 Ponts - Blog Imobook<\/title>\n<meta name=\"robots\" content=\"index, follow, max-snippet:-1, max-image-preview:large, max-video-preview:-1\" \/>\n<link rel=\"canonical\" href=\"https:\/\/www.imobook.fr\/blog\/vendu-appartement-t3-64-m\u00b2-sete-4-ponts\/\" \/>\n<meta property=\"og:locale\" content=\"fr_FR\" \/>\n<meta property=\"og:type\" content=\"article\" \/>\n<meta property=\"og:title\" content=\"Vendu : Appartement T3 64 m\u00b2 S\u00e8te 4 Ponts - Blog Imobook\" \/>\n<meta property=\"og:description\" content=\"\ud83c\udfe2 APPARTEMENT\ud83d\udeaa T3\ud83d\udcd0 64 m\u00b2\ud83d\udccd SETE 4 PONTS\ud83d\udecf\ufe0f 2 chambres\ud83d\udec1 1 salle de bain\ud83d\ude99 1 parking int\u00e9rieur\ud83c\udf0a Vue mer \ud83d\udcb6 274 900 \u20ac**Honoraires Charge Vendeur DPE : D C\u00f4t\u00e9 Centre villeD\u00e9couvrez ce charmant appartement T3 traversant de 60 m\u00b2, offrant une vue remarquable sur la mer et la ville. Un bien rare, id\u00e9alement situ\u00e9 \u00e0... Lire la suite &raquo;\" \/>\n<meta property=\"og:url\" content=\"https:\/\/www.imobook.fr\/blog\/vendu-appartement-t3-64-m\u00b2-sete-4-ponts\/\" \/>\n<meta property=\"og:site_name\" content=\"Blog Imobook\" \/>\n<meta property=\"article:publisher\" content=\"https:\/\/www.facebook.com\/imobook7\" \/>\n<meta property=\"article:published_time\" content=\"2026-09-04T16:12:27+00:00\" \/>\n<meta property=\"article:modified_time\" content=\"2026-09-04T16:12:28+00:00\" \/>\n<meta property=\"og:image\" content=\"https:\/\/www.imobook.fr\/blog\/wp-content\/uploads\/2026\/09\/875-347796912-1103-1081.jpg\" \/>\n\t<meta property=\"og:image:width\" content=\"1920\" \/>\n\t<meta property=\"og:image:height\" content=\"1440\" \/>\n\t<meta property=\"og:image:type\" content=\"image\/jpeg\" \/>\n<meta name=\"author\" content=\"R\u00e9mi BOREL\" \/>\n<meta name=\"twitter:card\" content=\"summary_large_image\" \/>\n<meta name=\"twitter:creator\" content=\"@imobooksete\" \/>\n<meta name=\"twitter:site\" content=\"@imobooksete\" \/>\n<meta name=\"twitter:label1\" content=\"\u00c9crit par\" \/>\n\t<meta name=\"twitter:data1\" content=\"R\u00e9mi BOREL\" \/>\n\t<meta name=\"twitter:label2\" content=\"Dur\u00e9e de lecture estim\u00e9e\" \/>\n\t<meta name=\"twitter:data2\" content=\"2 minutes\" \/>\n<script type=\"application\/ld+json\" class=\"yoast-schema-graph\">{\"@context\":\"https:\\\/\\\/schema.org\",\"@graph\":[{\"@type\":\"Article\",\"@id\":\"https:\\\/\\\/www.imobook.fr\\\/blog\\\/vendu-appartement-t3-64-m%c2%b2-sete-4-ponts\\\/#article\",\"isPartOf\":{\"@id\":\"https:\\\/\\\/www.imobook.fr\\\/blog\\\/vendu-appartement-t3-64-m%c2%b2-sete-4-ponts\\\/\"},\"author\":{\"name\":\"R\u00e9mi BOREL\",\"@id\":\"https:\\\/\\\/www.imobook.fr\\\/blog\\\/#\\\/schema\\\/person\\\/2951740184e137ec8d5010e248789b0f\"},\"headline\":\"Vendu : Appartement T3 64 m\u00b2 S\u00e8te 4 Ponts\",\"datePublished\":\"2026-09-04T16:12:27+00:00\",\"dateModified\":\"2026-09-04T16:12:28+00:00\",\"mainEntityOfPage\":{\"@id\":\"https:\\\/\\\/www.imobook.fr\\\/blog\\\/vendu-appartement-t3-64-m%c2%b2-sete-4-ponts\\\/\"},\"wordCount\":162,\"publisher\":{\"@id\":\"https:\\\/\\\/www.imobook.fr\\\/blog\\\/#organization\"},\"image\":{\"@id\":\"https:\\\/\\\/www.imobook.fr\\\/blog\\\/vendu-appartement-t3-64-m%c2%b2-sete-4-ponts\\\/#primaryimage\"},\"thumbnailUrl\":\"https:\\\/\\\/www.imobook.fr\\\/blog\\\/wp-content\\\/uploads\\\/2026\\\/09\\\/875-347796912-1103-1081.jpg\",\"keywords\":[\"4PONTS\",\"APPARTEMENT\",\"imobook\",\"SETE\",\"T3\",\"vendu\"],\"articleSection\":[\"Biens vendus\"],\"inLanguage\":\"fr-FR\"},{\"@type\":\"WebPage\",\"@id\":\"https:\\\/\\\/www.imobook.fr\\\/blog\\\/vendu-appartement-t3-64-m%c2%b2-sete-4-ponts\\\/\",\"url\":\"https:\\\/\\\/www.imobook.fr\\\/blog\\\/vendu-appartement-t3-64-m%c2%b2-sete-4-ponts\\\/\",\"name\":\"Vendu : Appartement T3 64 m\u00b2 S\u00e8te 4 Ponts - Blog Imobook\",\"isPartOf\":{\"@id\":\"https:\\\/\\\/www.imobook.fr\\\/blog\\\/#website\"},\"primaryImageOfPage\":{\"@id\":\"https:\\\/\\\/www.imobook.fr\\\/blog\\\/vendu-appartement-t3-64-m%c2%b2-sete-4-ponts\\\/#primaryimage\"},\"image\":{\"@id\":\"https:\\\/\\\/www.imobook.fr\\\/blog\\\/vendu-appartement-t3-64-m%c2%b2-sete-4-ponts\\\/#primaryimage\"},\"thumbnailUrl\":\"https:\\\/\\\/www.imobook.fr\\\/blog\\\/wp-content\\\/uploads\\\/2026\\\/09\\\/875-347796912-1103-1081.jpg\",\"datePublished\":\"2026-09-04T16:12:27+00:00\",\"dateModified\":\"2026-09-04T16:12:28+00:00\",\"breadcrumb\":{\"@id\":\"https:\\\/\\\/www.imobook.fr\\\/blog\\\/vendu-appartement-t3-64-m%c2%b2-sete-4-ponts\\\/#breadcrumb\"},\"inLanguage\":\"fr-FR\",\"potentialAction\":[{\"@type\":\"ReadAction\",\"target\":[\"https:\\\/\\\/www.imobook.fr\\\/blog\\\/vendu-appartement-t3-64-m%c2%b2-sete-4-ponts\\\/\"]}]},{\"@type\":\"ImageObject\",\"inLanguage\":\"fr-FR\",\"@id\":\"https:\\\/\\\/www.imobook.fr\\\/blog\\\/vendu-appartement-t3-64-m%c2%b2-sete-4-ponts\\\/#primaryimage\",\"url\":\"https:\\\/\\\/www.imobook.fr\\\/blog\\\/wp-content\\\/uploads\\\/2026\\\/09\\\/875-347796912-1103-1081.jpg\",\"contentUrl\":\"https:\\\/\\\/www.imobook.fr\\\/blog\\\/wp-content\\\/uploads\\\/2026\\\/09\\\/875-347796912-1103-1081.jpg\",\"width\":1920,\"height\":1440},{\"@type\":\"BreadcrumbList\",\"@id\":\"https:\\\/\\\/www.imobook.fr\\\/blog\\\/vendu-appartement-t3-64-m%c2%b2-sete-4-ponts\\\/#breadcrumb\",\"itemListElement\":[{\"@type\":\"ListItem\",\"position\":1,\"name\":\"Accueil\",\"item\":\"https:\\\/\\\/www.imobook.fr\\\/blog\\\/\"},{\"@type\":\"ListItem\",\"position\":2,\"name\":\"Vendu : Appartement T3 64 m\u00b2 S\u00e8te 4 Ponts\"}]},{\"@type\":\"WebSite\",\"@id\":\"https:\\\/\\\/www.imobook.fr\\\/blog\\\/#website\",\"url\":\"https:\\\/\\\/www.imobook.fr\\\/blog\\\/\",\"name\":\"Blog Imobook\",\"description\":\"\",\"publisher\":{\"@id\":\"https:\\\/\\\/www.imobook.fr\\\/blog\\\/#organization\"},\"potentialAction\":[{\"@type\":\"SearchAction\",\"target\":{\"@type\":\"EntryPoint\",\"urlTemplate\":\"https:\\\/\\\/www.imobook.fr\\\/blog\\\/?s={search_term_string}\"},\"query-input\":{\"@type\":\"PropertyValueSpecification\",\"valueRequired\":true,\"valueName\":\"search_term_string\"}}],\"inLanguage\":\"fr-FR\"},{\"@type\":\"Organization\",\"@id\":\"https:\\\/\\\/www.imobook.fr\\\/blog\\\/#organization\",\"name\":\"Blog Imobook\",\"url\":\"https:\\\/\\\/www.imobook.fr\\\/blog\\\/\",\"logo\":{\"@type\":\"ImageObject\",\"inLanguage\":\"fr-FR\",\"@id\":\"https:\\\/\\\/www.imobook.fr\\\/blog\\\/#\\\/schema\\\/logo\\\/image\\\/\",\"url\":\"https:\\\/\\\/www.imobook.fr\\\/blog\\\/wp-content\\\/uploads\\\/2025\\\/03\\\/logo.png\",\"contentUrl\":\"https:\\\/\\\/www.imobook.fr\\\/blog\\\/wp-content\\\/uploads\\\/2025\\\/03\\\/logo.png\",\"width\":275,\"height\":66,\"caption\":\"Blog Imobook\"},\"image\":{\"@id\":\"https:\\\/\\\/www.imobook.fr\\\/blog\\\/#\\\/schema\\\/logo\\\/image\\\/\"},\"sameAs\":[\"https:\\\/\\\/www.facebook.com\\\/imobook7\",\"https:\\\/\\\/x.com\\\/imobooksete\",\"https:\\\/\\\/www.youtube.com\\\/channel\\\/UCGwQl43Qe0oKJkZrq8GmYMw\",\"https:\\\/\\\/www.instagram.com\\\/imobook\\\/\"]},{\"@type\":\"Person\",\"@id\":\"https:\\\/\\\/www.imobook.fr\\\/blog\\\/#\\\/schema\\\/person\\\/2951740184e137ec8d5010e248789b0f\",\"name\":\"R\u00e9mi BOREL\",\"image\":{\"@type\":\"ImageObject\",\"inLanguage\":\"fr-FR\",\"@id\":\"https:\\\/\\\/secure.gravatar.com\\\/avatar\\\/c31f53354b6912694695f506029b54bbd0d0671ebaa6db5de92909cc2d233774?s=96&d=mm&r=g\",\"url\":\"https:\\\/\\\/secure.gravatar.com\\\/avatar\\\/c31f53354b6912694695f506029b54bbd0d0671ebaa6db5de92909cc2d233774?s=96&d=mm&r=g\",\"contentUrl\":\"https:\\\/\\\/secure.gravatar.com\\\/avatar\\\/c31f53354b6912694695f506029b54bbd0d0671ebaa6db5de92909cc2d233774?s=96&d=mm&r=g\",\"caption\":\"R\u00e9mi BOREL\"},\"sameAs\":[\"https:\\\/\\\/www.imobook.fr\\\/\"],\"url\":\"https:\\\/\\\/www.imobook.fr\\\/blog\\\/author\\\/imobookadmincontenu\\\/\"}]}<\/script>\n<!-- \/ Yoast SEO plugin. -->","yoast_head_json":{"title":"Vendu : Appartement T3 64 m\u00b2 S\u00e8te 4 Ponts - Blog Imobook","robots":{"index":"index","follow":"follow","max-snippet":"max-snippet:-1","max-image-preview":"max-image-preview:large","max-video-preview":"max-video-preview:-1"},"canonical":"https:\/\/www.imobook.fr\/blog\/vendu-appartement-t3-64-m\u00b2-sete-4-ponts\/","og_locale":"fr_FR","og_type":"article","og_title":"Vendu : Appartement T3 64 m\u00b2 S\u00e8te 4 Ponts - Blog Imobook","og_description":"\ud83c\udfe2 APPARTEMENT\ud83d\udeaa T3\ud83d\udcd0 64 m\u00b2\ud83d\udccd SETE 4 PONTS\ud83d\udecf\ufe0f 2 chambres\ud83d\udec1 1 salle de bain\ud83d\ude99 1 parking int\u00e9rieur\ud83c\udf0a Vue mer \ud83d\udcb6 274 900 \u20ac**Honoraires Charge Vendeur DPE : D C\u00f4t\u00e9 Centre villeD\u00e9couvrez ce charmant appartement T3 traversant de 60 m\u00b2, offrant une vue remarquable sur la mer et la ville. Un bien rare, id\u00e9alement situ\u00e9 \u00e0... Lire la suite &raquo;","og_url":"https:\/\/www.imobook.fr\/blog\/vendu-appartement-t3-64-m\u00b2-sete-4-ponts\/","og_site_name":"Blog Imobook","article_publisher":"https:\/\/www.facebook.com\/imobook7","article_published_time":"2026-09-04T16:12:27+00:00","article_modified_time":"2026-09-04T16:12:28+00:00","og_image":[{"width":1920,"height":1440,"url":"https:\/\/www.imobook.fr\/blog\/wp-content\/uploads\/2026\/09\/875-347796912-1103-1081.jpg","type":"image\/jpeg"}],"author":"R\u00e9mi BOREL","twitter_card":"summary_large_image","twitter_creator":"@imobooksete","twitter_site":"@imobooksete","twitter_misc":{"\u00c9crit par":"R\u00e9mi BOREL","Dur\u00e9e de lecture estim\u00e9e":"2 minutes"},"schema":{"@context":"https:\/\/schema.org","@graph":[{"@type":"Article","@id":"https:\/\/www.imobook.fr\/blog\/vendu-appartement-t3-64-m%c2%b2-sete-4-ponts\/#article","isPartOf":{"@id":"https:\/\/www.imobook.fr\/blog\/vendu-appartement-t3-64-m%c2%b2-sete-4-ponts\/"},"author":{"name":"R\u00e9mi BOREL","@id":"https:\/\/www.imobook.fr\/blog\/#\/schema\/person\/2951740184e137ec8d5010e248789b0f"},"headline":"Vendu : Appartement T3 64 m\u00b2 S\u00e8te 4 Ponts","datePublished":"2026-09-04T16:12:27+00:00","dateModified":"2026-09-04T16:12:28+00:00","mainEntityOfPage":{"@id":"https:\/\/www.imobook.fr\/blog\/vendu-appartement-t3-64-m%c2%b2-sete-4-ponts\/"},"wordCount":162,"publisher":{"@id":"https:\/\/www.imobook.fr\/blog\/#organization"},"image":{"@id":"https:\/\/www.imobook.fr\/blog\/vendu-appartement-t3-64-m%c2%b2-sete-4-ponts\/#primaryimage"},"thumbnailUrl":"https:\/\/www.imobook.fr\/blog\/wp-content\/uploads\/2026\/09\/875-347796912-1103-1081.jpg","keywords":["4PONTS","APPARTEMENT","imobook","SETE","T3","vendu"],"articleSection":["Biens vendus"],"inLanguage":"fr-FR"},{"@type":"WebPage","@id":"https:\/\/www.imobook.fr\/blog\/vendu-appartement-t3-64-m%c2%b2-sete-4-ponts\/","url":"https:\/\/www.imobook.fr\/blog\/vendu-appartement-t3-64-m%c2%b2-sete-4-ponts\/","name":"Vendu : Appartement T3 64 m\u00b2 S\u00e8te 4 Ponts - Blog Imobook","isPartOf":{"@id":"https:\/\/www.imobook.fr\/blog\/#website"},"primaryImageOfPage":{"@id":"https:\/\/www.imobook.fr\/blog\/vendu-appartement-t3-64-m%c2%b2-sete-4-ponts\/#primaryimage"},"image":{"@id":"https:\/\/www.imobook.fr\/blog\/vendu-appartement-t3-64-m%c2%b2-sete-4-ponts\/#primaryimage"},"thumbnailUrl":"https:\/\/www.imobook.fr\/blog\/wp-content\/uploads\/2026\/09\/875-347796912-1103-1081.jpg","datePublished":"2026-09-04T16:12:27+00:00","dateModified":"2026-09-04T16:12:28+00:00","breadcrumb":{"@id":"https:\/\/www.imobook.fr\/blog\/vendu-appartement-t3-64-m%c2%b2-sete-4-ponts\/#breadcrumb"},"inLanguage":"fr-FR","potentialAction":[{"@type":"ReadAction","target":["https:\/\/www.imobook.fr\/blog\/vendu-appartement-t3-64-m%c2%b2-sete-4-ponts\/"]}]},{"@type":"ImageObject","inLanguage":"fr-FR","@id":"https:\/\/www.imobook.fr\/blog\/vendu-appartement-t3-64-m%c2%b2-sete-4-ponts\/#primaryimage","url":"https:\/\/www.imobook.fr\/blog\/wp-content\/uploads\/2026\/09\/875-347796912-1103-1081.jpg","contentUrl":"https:\/\/www.imobook.fr\/blog\/wp-content\/uploads\/2026\/09\/875-347796912-1103-1081.jpg","width":1920,"height":1440},{"@type":"BreadcrumbList","@id":"https:\/\/www.imobook.fr\/blog\/vendu-appartement-t3-64-m%c2%b2-sete-4-ponts\/#breadcrumb","itemListElement":[{"@type":"ListItem","position":1,"name":"Accueil","item":"https:\/\/www.imobook.fr\/blog\/"},{"@type":"ListItem","position":2,"name":"Vendu : Appartement T3 64 m\u00b2 S\u00e8te 4 Ponts"}]},{"@type":"WebSite","@id":"https:\/\/www.imobook.fr\/blog\/#website","url":"https:\/\/www.imobook.fr\/blog\/","name":"Blog Imobook","description":"","publisher":{"@id":"https:\/\/www.imobook.fr\/blog\/#organization"},"potentialAction":[{"@type":"SearchAction","target":{"@type":"EntryPoint","urlTemplate":"https:\/\/www.imobook.fr\/blog\/?s={search_term_string}"},"query-input":{"@type":"PropertyValueSpecification","valueRequired":true,"valueName":"search_term_string"}}],"inLanguage":"fr-FR"},{"@type":"Organization","@id":"https:\/\/www.imobook.fr\/blog\/#organization","name":"Blog Imobook","url":"https:\/\/www.imobook.fr\/blog\/","logo":{"@type":"ImageObject","inLanguage":"fr-FR","@id":"https:\/\/www.imobook.fr\/blog\/#\/schema\/logo\/image\/","url":"https:\/\/www.imobook.fr\/blog\/wp-content\/uploads\/2025\/03\/logo.png","contentUrl":"https:\/\/www.imobook.fr\/blog\/wp-content\/uploads\/2025\/03\/logo.png","width":275,"height":66,"caption":"Blog Imobook"},"image":{"@id":"https:\/\/www.imobook.fr\/blog\/#\/schema\/logo\/image\/"},"sameAs":["https:\/\/www.facebook.com\/imobook7","https:\/\/x.com\/imobooksete","https:\/\/www.youtube.com\/channel\/UCGwQl43Qe0oKJkZrq8GmYMw","https:\/\/www.instagram.com\/imobook\/"]},{"@type":"Person","@id":"https:\/\/www.imobook.fr\/blog\/#\/schema\/person\/2951740184e137ec8d5010e248789b0f","name":"R\u00e9mi BOREL","image":{"@type":"ImageObject","inLanguage":"fr-FR","@id":"https:\/\/secure.gravatar.com\/avatar\/c31f53354b6912694695f506029b54bbd0d0671ebaa6db5de92909cc2d233774?s=96&d=mm&r=g","url":"https:\/\/secure.gravatar.com\/avatar\/c31f53354b6912694695f506029b54bbd0d0671ebaa6db5de92909cc2d233774?s=96&d=mm&r=g","contentUrl":"https:\/\/secure.gravatar.com\/avatar\/c31f53354b6912694695f506029b54bbd0d0671ebaa6db5de92909cc2d233774?s=96&d=mm&r=g","caption":"R\u00e9mi BOREL"},"sameAs":["https:\/\/www.imobook.fr\/"],"url":"https:\/\/www.imobook.fr\/blog\/author\/imobookadmincontenu\/"}]}},"_links":{"self":[{"href":"https:\/\/www.imobook.fr\/blog\/wp-json\/wp\/v2\/posts\/911","targetHints":{"allow":["GET"]}}],"collection":[{"href":"https:\/\/www.imobook.fr\/blog\/wp-json\/wp\/v2\/posts"}],"about":[{"href":"https:\/\/www.imobook.fr\/blog\/wp-json\/wp\/v2\/types\/post"}],"author":[{"embeddable":true,"href":"https:\/\/www.imobook.fr\/blog\/wp-json\/wp\/v2\/users\/2"}],"replies":[{"embeddable":true,"href":"https:\/\/www.imobook.fr\/blog\/wp-json\/wp\/v2\/comments?post=911"}],"version-history":[{"count":1,"href":"https:\/\/www.imobook.fr\/blog\/wp-json\/wp\/v2\/posts\/911\/revisions"}],"predecessor-version":[{"id":913,"href":"https:\/\/www.imobook.fr\/blog\/wp-json\/wp\/v2\/posts\/911\/revisions\/913"}],"wp:featuredmedia":[{"embeddable":true,"href":"https:\/\/www.imobook.fr\/blog\/wp-json\/wp\/v2\/media\/912"}],"wp:attachment":[{"href":"https:\/\/www.imobook.fr\/blog\/wp-json\/wp\/v2\/media?parent=911"}],"wp:term":[{"taxonomy":"category","embeddable":true,"href":"https:\/\/www.imobook.fr\/blog\/wp-json\/wp\/v2\/categories?post=911"},{"taxonomy":"post_tag","embeddable":true,"href":"https:\/\/www.imobook.fr\/blog\/wp-json\/wp\/v2\/tags?post=911"}],"curies":[{"name":"wp","href":"https:\/\/api.w.org\/{rel}","templated":true}]}}