
{"id":783,"date":"2026-04-27T10:05:12","date_gmt":"2026-04-27T08:05:12","guid":{"rendered":"https:\/\/www.imobook.fr\/blog\/?p=783"},"modified":"2026-04-29T10:06:39","modified_gmt":"2026-04-29T08:06:39","slug":"vendu-appartement-t2-55-m%c2%b2-sete-centre-ville","status":"publish","type":"post","link":"https:\/\/www.imobook.fr\/blog\/vendu-appartement-t2-55-m%c2%b2-sete-centre-ville\/","title":{"rendered":"Vendu : Appartement T2 55 m\u00b2 S\u00e8te Centre Ville"},"content":{"rendered":"\n<figure class=\"wp-block-image size-large\"><img loading=\"lazy\" decoding=\"async\" width=\"1024\" height=\"768\" src=\"https:\/\/www.imobook.fr\/blog\/wp-content\/uploads\/2026\/04\/852-344677091-4712-1024-1024x768.jpg\" alt=\"\" class=\"wp-image-785\" srcset=\"https:\/\/www.imobook.fr\/blog\/wp-content\/uploads\/2026\/04\/852-344677091-4712-1024-1024x768.jpg 1024w, https:\/\/www.imobook.fr\/blog\/wp-content\/uploads\/2026\/04\/852-344677091-4712-1024-300x225.jpg 300w, https:\/\/www.imobook.fr\/blog\/wp-content\/uploads\/2026\/04\/852-344677091-4712-1024-768x576.jpg 768w, https:\/\/www.imobook.fr\/blog\/wp-content\/uploads\/2026\/04\/852-344677091-4712-1024-1536x1152.jpg 1536w, https:\/\/www.imobook.fr\/blog\/wp-content\/uploads\/2026\/04\/852-344677091-4712-1024.jpg 1920w\" sizes=\"auto, (max-width: 1024px) 100vw, 1024px\" \/><\/figure>\n\n\n\n<p>\ud83c\udfe2 APPARTEMENT<br>\ud83d\udeaa T2<br>\ud83d\udcd0 55 m\u00b2<br>\ud83d\udccd SETE CENTRE VILLE<br>\ud83d\udebf 1 salle d&rsquo;eau<br>\ud83d\udebd 1 WC<\/p>\n\n\n\n<p>\ud83d\udcb6 189 000 \u20ac*<br>*Honoraires Charge Vendeur<\/p>\n\n\n\n<p>Bien soumis \u00e0 la copropri\u00e9t\u00e9.<br>Copropri\u00e9t\u00e9 de 7 lots.<br>Charges courantes : 600\u20ac \/an.<br>Proc\u00e9dures en cours syndicat de copropri\u00e9t\u00e9 : N\u00e9ant<br>DPE : C<\/p>\n\n\n\n<p>Rue Gambetta,<br>C\u00f4t\u00e9 cour de ville, en exclusivit\u00e9,<br>A seulement quelques secondes \u00e0 pied des Halles, au cour d&rsquo;une rue pi\u00e9tonne recherch\u00e9e.<br>Appartement traversant de 55.32 m\u00b2, situ\u00e9 au 2\u00e8me \u00e9tage d&rsquo;une petite copropri\u00e9t\u00e9 calme et bien entretenue. D\u00e8s l&rsquo;entr\u00e9e, un couloir en arche de 10,8 m\u00b2 et un espace de rangement int\u00e9gr\u00e9 donnent le ton : du caract\u00e8re et du cachet.<br>La pi\u00e8ce de vie lumineuse, expos\u00e9e Ouest, s&rsquo;ouvre sur un balcon offrant une vue d\u00e9gag\u00e9e sur le parvis des Halles et la rue pi\u00e9tonne. La cuisine semi-ouverte de 8,10 m\u00b2, enti\u00e8rement \u00e9quip\u00e9e, prolonge harmonieusement l&rsquo;espace.<br>C\u00f4t\u00e9 nuit, une chambre spacieuse de 13 m\u00b2, orient\u00e9e Est, dispose d&rsquo;un balcon avec vue sur les toits de S\u00e8te, d&rsquo;un placard int\u00e9gr\u00e9 et d&rsquo;un espace bureau, id\u00e9al pour le t\u00e9l\u00e9travail. Une grande salle de bain de 6,6 m\u00b2 compl\u00e8te l&rsquo;ensemble avec confort.<br>La belle hauteur sous plafond de 2,90 m et la r\u00e9novation compl\u00e8te (\u00e9lectricit\u00e9, plomberie, cuisine, salle d&rsquo;eau, peintures\u2026) offrent un cadre de vie alliant charme de l&rsquo;ancien et confort moderne, au cour du centre-ville s\u00e9tois.<br>A noter : possibilit\u00e9 d&rsquo;un abonnement au parking des Halles, situ\u00e9 \u00e0 deux pas de l&rsquo;immeuble.<br>Un bien rare, id\u00e9alement situ\u00e9 au c\u009cur de S\u00e8te, \u00e0 proximit\u00e9 imm\u00e9diate des commerces, transports et des Halles.<\/p>\n\n\n\n<p>ref. 344677091\/4728<\/p>\n\n\n\n<p><a href=\"https:\/\/www.imobook.fr\/fr\/annonce\/vente-p-r7-344677091.html\">https:\/\/www.imobook.fr\/fr\/annonce\/vente-p-r7-344677091.html<\/a><\/p>\n","protected":false},"excerpt":{"rendered":"<p>\ud83c\udfe2 APPARTEMENT\ud83d\udeaa T2\ud83d\udcd0 55 m\u00b2\ud83d\udccd SETE CENTRE VILLE\ud83d\udebf 1 salle d&rsquo;eau\ud83d\udebd 1 WC \ud83d\udcb6 189 000 \u20ac**Honoraires Charge Vendeur Bien soumis \u00e0 la copropri\u00e9t\u00e9.Copropri\u00e9t\u00e9 de 7 lots.Charges courantes : 600\u20ac \/an.Proc\u00e9dures en cours syndicat de copropri\u00e9t\u00e9 : N\u00e9antDPE : C Rue Gambetta,C\u00f4t\u00e9 cour de ville, en exclusivit\u00e9,A seulement quelques secondes \u00e0 pied des Halles, au&#8230;  <a class=\"excerpt-read-more\" href=\"https:\/\/www.imobook.fr\/blog\/vendu-appartement-t2-55-m%c2%b2-sete-centre-ville\/\" title=\"LireVendu : Appartement T2 55 m\u00b2 S\u00e8te Centre Ville\">Lire la suite &raquo;<\/a><\/p>\n","protected":false},"author":2,"featured_media":785,"comment_status":"closed","ping_status":"closed","sticky":false,"template":"","format":"standard","meta":{"footnotes":""},"categories":[5],"tags":[18,39,12,16,19,14],"class_list":["post-783","post","type-post","status-publish","format-standard","has-post-thumbnail","hentry","category-biens-vendus","tag-appartement","tag-centreville","tag-imobook","tag-sete","tag-t2","tag-vendu"],"yoast_head":"<!-- This site is optimized with the Yoast SEO plugin v27.5 - https:\/\/yoast.com\/product\/yoast-seo-wordpress\/ -->\n<title>Vendu : Appartement T2 55 m\u00b2 S\u00e8te Centre Ville - Blog Imobook<\/title>\n<meta name=\"robots\" content=\"index, follow, max-snippet:-1, max-image-preview:large, max-video-preview:-1\" \/>\n<link rel=\"canonical\" href=\"https:\/\/www.imobook.fr\/blog\/vendu-appartement-t2-55-m\u00b2-sete-centre-ville\/\" \/>\n<meta property=\"og:locale\" content=\"fr_FR\" \/>\n<meta property=\"og:type\" content=\"article\" \/>\n<meta property=\"og:title\" content=\"Vendu : Appartement T2 55 m\u00b2 S\u00e8te Centre Ville - Blog Imobook\" \/>\n<meta property=\"og:description\" content=\"\ud83c\udfe2 APPARTEMENT\ud83d\udeaa T2\ud83d\udcd0 55 m\u00b2\ud83d\udccd SETE CENTRE VILLE\ud83d\udebf 1 salle d&rsquo;eau\ud83d\udebd 1 WC \ud83d\udcb6 189 000 \u20ac**Honoraires Charge Vendeur Bien soumis \u00e0 la copropri\u00e9t\u00e9.Copropri\u00e9t\u00e9 de 7 lots.Charges courantes : 600\u20ac \/an.Proc\u00e9dures en cours syndicat de copropri\u00e9t\u00e9 : N\u00e9antDPE : C Rue Gambetta,C\u00f4t\u00e9 cour de ville, en exclusivit\u00e9,A seulement quelques secondes \u00e0 pied des Halles, au... Lire la suite &raquo;\" \/>\n<meta property=\"og:url\" content=\"https:\/\/www.imobook.fr\/blog\/vendu-appartement-t2-55-m\u00b2-sete-centre-ville\/\" \/>\n<meta property=\"og:site_name\" content=\"Blog Imobook\" \/>\n<meta property=\"article:publisher\" content=\"https:\/\/www.facebook.com\/imobook7\" \/>\n<meta property=\"article:published_time\" content=\"2026-04-27T08:05:12+00:00\" \/>\n<meta property=\"article:modified_time\" content=\"2026-04-29T08:06:39+00:00\" \/>\n<meta property=\"og:image\" content=\"https:\/\/www.imobook.fr\/blog\/wp-content\/uploads\/2026\/04\/852-344677091-4712-1024-1024x768.jpg\" \/>\n\t<meta property=\"og:image:width\" content=\"1024\" \/>\n\t<meta property=\"og:image:height\" content=\"768\" \/>\n\t<meta property=\"og:image:type\" content=\"image\/jpeg\" \/>\n<meta name=\"author\" content=\"R\u00e9mi BOREL\" \/>\n<meta name=\"twitter:card\" content=\"summary_large_image\" \/>\n<meta name=\"twitter:creator\" content=\"@imobooksete\" \/>\n<meta name=\"twitter:site\" content=\"@imobooksete\" \/>\n<meta name=\"twitter:label1\" content=\"\u00c9crit par\" \/>\n\t<meta name=\"twitter:data1\" content=\"R\u00e9mi BOREL\" \/>\n\t<meta name=\"twitter:label2\" content=\"Dur\u00e9e de lecture estim\u00e9e\" \/>\n\t<meta name=\"twitter:data2\" content=\"2 minutes\" \/>\n<script type=\"application\/ld+json\" class=\"yoast-schema-graph\">{\"@context\":\"https:\\\/\\\/schema.org\",\"@graph\":[{\"@type\":\"Article\",\"@id\":\"https:\\\/\\\/www.imobook.fr\\\/blog\\\/vendu-appartement-t2-55-m%c2%b2-sete-centre-ville\\\/#article\",\"isPartOf\":{\"@id\":\"https:\\\/\\\/www.imobook.fr\\\/blog\\\/vendu-appartement-t2-55-m%c2%b2-sete-centre-ville\\\/\"},\"author\":{\"name\":\"R\u00e9mi BOREL\",\"@id\":\"https:\\\/\\\/www.imobook.fr\\\/blog\\\/#\\\/schema\\\/person\\\/2951740184e137ec8d5010e248789b0f\"},\"headline\":\"Vendu : Appartement T2 55 m\u00b2 S\u00e8te Centre Ville\",\"datePublished\":\"2026-04-27T08:05:12+00:00\",\"dateModified\":\"2026-04-29T08:06:39+00:00\",\"mainEntityOfPage\":{\"@id\":\"https:\\\/\\\/www.imobook.fr\\\/blog\\\/vendu-appartement-t2-55-m%c2%b2-sete-centre-ville\\\/\"},\"wordCount\":295,\"publisher\":{\"@id\":\"https:\\\/\\\/www.imobook.fr\\\/blog\\\/#organization\"},\"image\":{\"@id\":\"https:\\\/\\\/www.imobook.fr\\\/blog\\\/vendu-appartement-t2-55-m%c2%b2-sete-centre-ville\\\/#primaryimage\"},\"thumbnailUrl\":\"https:\\\/\\\/www.imobook.fr\\\/blog\\\/wp-content\\\/uploads\\\/2026\\\/04\\\/852-344677091-4712-1024.jpg\",\"keywords\":[\"APPARTEMENT\",\"CENTREVILLE\",\"imobook\",\"SETE\",\"T2\",\"vendu\"],\"articleSection\":[\"Biens vendus\"],\"inLanguage\":\"fr-FR\"},{\"@type\":\"WebPage\",\"@id\":\"https:\\\/\\\/www.imobook.fr\\\/blog\\\/vendu-appartement-t2-55-m%c2%b2-sete-centre-ville\\\/\",\"url\":\"https:\\\/\\\/www.imobook.fr\\\/blog\\\/vendu-appartement-t2-55-m%c2%b2-sete-centre-ville\\\/\",\"name\":\"Vendu : Appartement T2 55 m\u00b2 S\u00e8te Centre Ville - Blog Imobook\",\"isPartOf\":{\"@id\":\"https:\\\/\\\/www.imobook.fr\\\/blog\\\/#website\"},\"primaryImageOfPage\":{\"@id\":\"https:\\\/\\\/www.imobook.fr\\\/blog\\\/vendu-appartement-t2-55-m%c2%b2-sete-centre-ville\\\/#primaryimage\"},\"image\":{\"@id\":\"https:\\\/\\\/www.imobook.fr\\\/blog\\\/vendu-appartement-t2-55-m%c2%b2-sete-centre-ville\\\/#primaryimage\"},\"thumbnailUrl\":\"https:\\\/\\\/www.imobook.fr\\\/blog\\\/wp-content\\\/uploads\\\/2026\\\/04\\\/852-344677091-4712-1024.jpg\",\"datePublished\":\"2026-04-27T08:05:12+00:00\",\"dateModified\":\"2026-04-29T08:06:39+00:00\",\"breadcrumb\":{\"@id\":\"https:\\\/\\\/www.imobook.fr\\\/blog\\\/vendu-appartement-t2-55-m%c2%b2-sete-centre-ville\\\/#breadcrumb\"},\"inLanguage\":\"fr-FR\",\"potentialAction\":[{\"@type\":\"ReadAction\",\"target\":[\"https:\\\/\\\/www.imobook.fr\\\/blog\\\/vendu-appartement-t2-55-m%c2%b2-sete-centre-ville\\\/\"]}]},{\"@type\":\"ImageObject\",\"inLanguage\":\"fr-FR\",\"@id\":\"https:\\\/\\\/www.imobook.fr\\\/blog\\\/vendu-appartement-t2-55-m%c2%b2-sete-centre-ville\\\/#primaryimage\",\"url\":\"https:\\\/\\\/www.imobook.fr\\\/blog\\\/wp-content\\\/uploads\\\/2026\\\/04\\\/852-344677091-4712-1024.jpg\",\"contentUrl\":\"https:\\\/\\\/www.imobook.fr\\\/blog\\\/wp-content\\\/uploads\\\/2026\\\/04\\\/852-344677091-4712-1024.jpg\",\"width\":1920,\"height\":1440},{\"@type\":\"BreadcrumbList\",\"@id\":\"https:\\\/\\\/www.imobook.fr\\\/blog\\\/vendu-appartement-t2-55-m%c2%b2-sete-centre-ville\\\/#breadcrumb\",\"itemListElement\":[{\"@type\":\"ListItem\",\"position\":1,\"name\":\"Accueil\",\"item\":\"https:\\\/\\\/www.imobook.fr\\\/blog\\\/\"},{\"@type\":\"ListItem\",\"position\":2,\"name\":\"Vendu : Appartement T2 55 m\u00b2 S\u00e8te Centre Ville\"}]},{\"@type\":\"WebSite\",\"@id\":\"https:\\\/\\\/www.imobook.fr\\\/blog\\\/#website\",\"url\":\"https:\\\/\\\/www.imobook.fr\\\/blog\\\/\",\"name\":\"Blog Imobook\",\"description\":\"\",\"publisher\":{\"@id\":\"https:\\\/\\\/www.imobook.fr\\\/blog\\\/#organization\"},\"potentialAction\":[{\"@type\":\"SearchAction\",\"target\":{\"@type\":\"EntryPoint\",\"urlTemplate\":\"https:\\\/\\\/www.imobook.fr\\\/blog\\\/?s={search_term_string}\"},\"query-input\":{\"@type\":\"PropertyValueSpecification\",\"valueRequired\":true,\"valueName\":\"search_term_string\"}}],\"inLanguage\":\"fr-FR\"},{\"@type\":\"Organization\",\"@id\":\"https:\\\/\\\/www.imobook.fr\\\/blog\\\/#organization\",\"name\":\"Blog Imobook\",\"url\":\"https:\\\/\\\/www.imobook.fr\\\/blog\\\/\",\"logo\":{\"@type\":\"ImageObject\",\"inLanguage\":\"fr-FR\",\"@id\":\"https:\\\/\\\/www.imobook.fr\\\/blog\\\/#\\\/schema\\\/logo\\\/image\\\/\",\"url\":\"https:\\\/\\\/www.imobook.fr\\\/blog\\\/wp-content\\\/uploads\\\/2025\\\/03\\\/logo.png\",\"contentUrl\":\"https:\\\/\\\/www.imobook.fr\\\/blog\\\/wp-content\\\/uploads\\\/2025\\\/03\\\/logo.png\",\"width\":275,\"height\":66,\"caption\":\"Blog Imobook\"},\"image\":{\"@id\":\"https:\\\/\\\/www.imobook.fr\\\/blog\\\/#\\\/schema\\\/logo\\\/image\\\/\"},\"sameAs\":[\"https:\\\/\\\/www.facebook.com\\\/imobook7\",\"https:\\\/\\\/x.com\\\/imobooksete\",\"https:\\\/\\\/www.youtube.com\\\/channel\\\/UCGwQl43Qe0oKJkZrq8GmYMw\",\"https:\\\/\\\/www.instagram.com\\\/imobook\\\/\"]},{\"@type\":\"Person\",\"@id\":\"https:\\\/\\\/www.imobook.fr\\\/blog\\\/#\\\/schema\\\/person\\\/2951740184e137ec8d5010e248789b0f\",\"name\":\"R\u00e9mi BOREL\",\"image\":{\"@type\":\"ImageObject\",\"inLanguage\":\"fr-FR\",\"@id\":\"https:\\\/\\\/secure.gravatar.com\\\/avatar\\\/c31f53354b6912694695f506029b54bbd0d0671ebaa6db5de92909cc2d233774?s=96&d=mm&r=g\",\"url\":\"https:\\\/\\\/secure.gravatar.com\\\/avatar\\\/c31f53354b6912694695f506029b54bbd0d0671ebaa6db5de92909cc2d233774?s=96&d=mm&r=g\",\"contentUrl\":\"https:\\\/\\\/secure.gravatar.com\\\/avatar\\\/c31f53354b6912694695f506029b54bbd0d0671ebaa6db5de92909cc2d233774?s=96&d=mm&r=g\",\"caption\":\"R\u00e9mi BOREL\"},\"sameAs\":[\"https:\\\/\\\/www.imobook.fr\\\/\"],\"url\":\"https:\\\/\\\/www.imobook.fr\\\/blog\\\/author\\\/imobookadmincontenu\\\/\"}]}<\/script>\n<!-- \/ Yoast SEO plugin. -->","yoast_head_json":{"title":"Vendu : Appartement T2 55 m\u00b2 S\u00e8te Centre Ville - Blog Imobook","robots":{"index":"index","follow":"follow","max-snippet":"max-snippet:-1","max-image-preview":"max-image-preview:large","max-video-preview":"max-video-preview:-1"},"canonical":"https:\/\/www.imobook.fr\/blog\/vendu-appartement-t2-55-m\u00b2-sete-centre-ville\/","og_locale":"fr_FR","og_type":"article","og_title":"Vendu : Appartement T2 55 m\u00b2 S\u00e8te Centre Ville - Blog Imobook","og_description":"\ud83c\udfe2 APPARTEMENT\ud83d\udeaa T2\ud83d\udcd0 55 m\u00b2\ud83d\udccd SETE CENTRE VILLE\ud83d\udebf 1 salle d&rsquo;eau\ud83d\udebd 1 WC \ud83d\udcb6 189 000 \u20ac**Honoraires Charge Vendeur Bien soumis \u00e0 la copropri\u00e9t\u00e9.Copropri\u00e9t\u00e9 de 7 lots.Charges courantes : 600\u20ac \/an.Proc\u00e9dures en cours syndicat de copropri\u00e9t\u00e9 : N\u00e9antDPE : C Rue Gambetta,C\u00f4t\u00e9 cour de ville, en exclusivit\u00e9,A seulement quelques secondes \u00e0 pied des Halles, au... Lire la suite &raquo;","og_url":"https:\/\/www.imobook.fr\/blog\/vendu-appartement-t2-55-m\u00b2-sete-centre-ville\/","og_site_name":"Blog Imobook","article_publisher":"https:\/\/www.facebook.com\/imobook7","article_published_time":"2026-04-27T08:05:12+00:00","article_modified_time":"2026-04-29T08:06:39+00:00","og_image":[{"width":1024,"height":768,"url":"https:\/\/www.imobook.fr\/blog\/wp-content\/uploads\/2026\/04\/852-344677091-4712-1024-1024x768.jpg","type":"image\/jpeg"}],"author":"R\u00e9mi BOREL","twitter_card":"summary_large_image","twitter_creator":"@imobooksete","twitter_site":"@imobooksete","twitter_misc":{"\u00c9crit par":"R\u00e9mi BOREL","Dur\u00e9e de lecture estim\u00e9e":"2 minutes"},"schema":{"@context":"https:\/\/schema.org","@graph":[{"@type":"Article","@id":"https:\/\/www.imobook.fr\/blog\/vendu-appartement-t2-55-m%c2%b2-sete-centre-ville\/#article","isPartOf":{"@id":"https:\/\/www.imobook.fr\/blog\/vendu-appartement-t2-55-m%c2%b2-sete-centre-ville\/"},"author":{"name":"R\u00e9mi BOREL","@id":"https:\/\/www.imobook.fr\/blog\/#\/schema\/person\/2951740184e137ec8d5010e248789b0f"},"headline":"Vendu : Appartement T2 55 m\u00b2 S\u00e8te Centre Ville","datePublished":"2026-04-27T08:05:12+00:00","dateModified":"2026-04-29T08:06:39+00:00","mainEntityOfPage":{"@id":"https:\/\/www.imobook.fr\/blog\/vendu-appartement-t2-55-m%c2%b2-sete-centre-ville\/"},"wordCount":295,"publisher":{"@id":"https:\/\/www.imobook.fr\/blog\/#organization"},"image":{"@id":"https:\/\/www.imobook.fr\/blog\/vendu-appartement-t2-55-m%c2%b2-sete-centre-ville\/#primaryimage"},"thumbnailUrl":"https:\/\/www.imobook.fr\/blog\/wp-content\/uploads\/2026\/04\/852-344677091-4712-1024.jpg","keywords":["APPARTEMENT","CENTREVILLE","imobook","SETE","T2","vendu"],"articleSection":["Biens vendus"],"inLanguage":"fr-FR"},{"@type":"WebPage","@id":"https:\/\/www.imobook.fr\/blog\/vendu-appartement-t2-55-m%c2%b2-sete-centre-ville\/","url":"https:\/\/www.imobook.fr\/blog\/vendu-appartement-t2-55-m%c2%b2-sete-centre-ville\/","name":"Vendu : Appartement T2 55 m\u00b2 S\u00e8te Centre Ville - Blog Imobook","isPartOf":{"@id":"https:\/\/www.imobook.fr\/blog\/#website"},"primaryImageOfPage":{"@id":"https:\/\/www.imobook.fr\/blog\/vendu-appartement-t2-55-m%c2%b2-sete-centre-ville\/#primaryimage"},"image":{"@id":"https:\/\/www.imobook.fr\/blog\/vendu-appartement-t2-55-m%c2%b2-sete-centre-ville\/#primaryimage"},"thumbnailUrl":"https:\/\/www.imobook.fr\/blog\/wp-content\/uploads\/2026\/04\/852-344677091-4712-1024.jpg","datePublished":"2026-04-27T08:05:12+00:00","dateModified":"2026-04-29T08:06:39+00:00","breadcrumb":{"@id":"https:\/\/www.imobook.fr\/blog\/vendu-appartement-t2-55-m%c2%b2-sete-centre-ville\/#breadcrumb"},"inLanguage":"fr-FR","potentialAction":[{"@type":"ReadAction","target":["https:\/\/www.imobook.fr\/blog\/vendu-appartement-t2-55-m%c2%b2-sete-centre-ville\/"]}]},{"@type":"ImageObject","inLanguage":"fr-FR","@id":"https:\/\/www.imobook.fr\/blog\/vendu-appartement-t2-55-m%c2%b2-sete-centre-ville\/#primaryimage","url":"https:\/\/www.imobook.fr\/blog\/wp-content\/uploads\/2026\/04\/852-344677091-4712-1024.jpg","contentUrl":"https:\/\/www.imobook.fr\/blog\/wp-content\/uploads\/2026\/04\/852-344677091-4712-1024.jpg","width":1920,"height":1440},{"@type":"BreadcrumbList","@id":"https:\/\/www.imobook.fr\/blog\/vendu-appartement-t2-55-m%c2%b2-sete-centre-ville\/#breadcrumb","itemListElement":[{"@type":"ListItem","position":1,"name":"Accueil","item":"https:\/\/www.imobook.fr\/blog\/"},{"@type":"ListItem","position":2,"name":"Vendu : Appartement T2 55 m\u00b2 S\u00e8te Centre Ville"}]},{"@type":"WebSite","@id":"https:\/\/www.imobook.fr\/blog\/#website","url":"https:\/\/www.imobook.fr\/blog\/","name":"Blog Imobook","description":"","publisher":{"@id":"https:\/\/www.imobook.fr\/blog\/#organization"},"potentialAction":[{"@type":"SearchAction","target":{"@type":"EntryPoint","urlTemplate":"https:\/\/www.imobook.fr\/blog\/?s={search_term_string}"},"query-input":{"@type":"PropertyValueSpecification","valueRequired":true,"valueName":"search_term_string"}}],"inLanguage":"fr-FR"},{"@type":"Organization","@id":"https:\/\/www.imobook.fr\/blog\/#organization","name":"Blog Imobook","url":"https:\/\/www.imobook.fr\/blog\/","logo":{"@type":"ImageObject","inLanguage":"fr-FR","@id":"https:\/\/www.imobook.fr\/blog\/#\/schema\/logo\/image\/","url":"https:\/\/www.imobook.fr\/blog\/wp-content\/uploads\/2025\/03\/logo.png","contentUrl":"https:\/\/www.imobook.fr\/blog\/wp-content\/uploads\/2025\/03\/logo.png","width":275,"height":66,"caption":"Blog Imobook"},"image":{"@id":"https:\/\/www.imobook.fr\/blog\/#\/schema\/logo\/image\/"},"sameAs":["https:\/\/www.facebook.com\/imobook7","https:\/\/x.com\/imobooksete","https:\/\/www.youtube.com\/channel\/UCGwQl43Qe0oKJkZrq8GmYMw","https:\/\/www.instagram.com\/imobook\/"]},{"@type":"Person","@id":"https:\/\/www.imobook.fr\/blog\/#\/schema\/person\/2951740184e137ec8d5010e248789b0f","name":"R\u00e9mi BOREL","image":{"@type":"ImageObject","inLanguage":"fr-FR","@id":"https:\/\/secure.gravatar.com\/avatar\/c31f53354b6912694695f506029b54bbd0d0671ebaa6db5de92909cc2d233774?s=96&d=mm&r=g","url":"https:\/\/secure.gravatar.com\/avatar\/c31f53354b6912694695f506029b54bbd0d0671ebaa6db5de92909cc2d233774?s=96&d=mm&r=g","contentUrl":"https:\/\/secure.gravatar.com\/avatar\/c31f53354b6912694695f506029b54bbd0d0671ebaa6db5de92909cc2d233774?s=96&d=mm&r=g","caption":"R\u00e9mi BOREL"},"sameAs":["https:\/\/www.imobook.fr\/"],"url":"https:\/\/www.imobook.fr\/blog\/author\/imobookadmincontenu\/"}]}},"_links":{"self":[{"href":"https:\/\/www.imobook.fr\/blog\/wp-json\/wp\/v2\/posts\/783","targetHints":{"allow":["GET"]}}],"collection":[{"href":"https:\/\/www.imobook.fr\/blog\/wp-json\/wp\/v2\/posts"}],"about":[{"href":"https:\/\/www.imobook.fr\/blog\/wp-json\/wp\/v2\/types\/post"}],"author":[{"embeddable":true,"href":"https:\/\/www.imobook.fr\/blog\/wp-json\/wp\/v2\/users\/2"}],"replies":[{"embeddable":true,"href":"https:\/\/www.imobook.fr\/blog\/wp-json\/wp\/v2\/comments?post=783"}],"version-history":[{"count":1,"href":"https:\/\/www.imobook.fr\/blog\/wp-json\/wp\/v2\/posts\/783\/revisions"}],"predecessor-version":[{"id":786,"href":"https:\/\/www.imobook.fr\/blog\/wp-json\/wp\/v2\/posts\/783\/revisions\/786"}],"wp:featuredmedia":[{"embeddable":true,"href":"https:\/\/www.imobook.fr\/blog\/wp-json\/wp\/v2\/media\/785"}],"wp:attachment":[{"href":"https:\/\/www.imobook.fr\/blog\/wp-json\/wp\/v2\/media?parent=783"}],"wp:term":[{"taxonomy":"category","embeddable":true,"href":"https:\/\/www.imobook.fr\/blog\/wp-json\/wp\/v2\/categories?post=783"},{"taxonomy":"post_tag","embeddable":true,"href":"https:\/\/www.imobook.fr\/blog\/wp-json\/wp\/v2\/tags?post=783"}],"curies":[{"name":"wp","href":"https:\/\/api.w.org\/{rel}","templated":true}]}}