
{"id":223,"date":"2025-04-25T10:00:00","date_gmt":"2025-04-25T08:00:00","guid":{"rendered":"https:\/\/www.imobook.fr\/blog\/?p=223"},"modified":"2025-06-19T11:01:36","modified_gmt":"2025-06-19T09:01:36","slug":"vendu-appartement-t4-89-m%c2%b2-sete-quai","status":"publish","type":"post","link":"https:\/\/www.imobook.fr\/blog\/vendu-appartement-t4-89-m%c2%b2-sete-quai\/","title":{"rendered":"Vendu : Appartement T4 89 m\u00b2 S\u00e8te Quai"},"content":{"rendered":"\n<figure class=\"wp-block-image size-large\"><img loading=\"lazy\" decoding=\"async\" width=\"1024\" height=\"768\" src=\"https:\/\/www.imobook.fr\/blog\/wp-content\/uploads\/2025\/06\/735-347036403-1566-MARTIN-1024x768.jpg\" alt=\"\" class=\"wp-image-220\" srcset=\"https:\/\/www.imobook.fr\/blog\/wp-content\/uploads\/2025\/06\/735-347036403-1566-MARTIN-1024x768.jpg 1024w, https:\/\/www.imobook.fr\/blog\/wp-content\/uploads\/2025\/06\/735-347036403-1566-MARTIN-300x225.jpg 300w, https:\/\/www.imobook.fr\/blog\/wp-content\/uploads\/2025\/06\/735-347036403-1566-MARTIN-768x576.jpg 768w, https:\/\/www.imobook.fr\/blog\/wp-content\/uploads\/2025\/06\/735-347036403-1566-MARTIN-1536x1152.jpg 1536w, https:\/\/www.imobook.fr\/blog\/wp-content\/uploads\/2025\/06\/735-347036403-1566-MARTIN.jpg 1920w\" sizes=\"auto, (max-width: 1024px) 100vw, 1024px\" \/><\/figure>\n\n\n\n<p>\ud83c\udfe2 APPARTEMENT<br>\ud83d\udeaa T4<br>\ud83d\udcd0 89 m\u00b2<br>\ud83d\udccd SETE QUAI<br>\ud83d\udecf\ufe0f 3 chambres<br>\ud83d\udebf 1 salle d&rsquo;eau<br>\ud83d\udebd 1 WC<br>\ud83d\ude98 1 garage<br>\ud83c\udf0a Vue mer quai<\/p>\n\n\n\n<p>\ud83d\udcb6 350 000 \u20ac*<br>*Honoraires Charge Acqu\u00e9reur : 5.74% TTC inclus (331 000 \u20ac hors honoraires)<\/p>\n\n\n\n<p>Bien soumis \u00e0 la copropri\u00e9t\u00e9.<br>Copropri\u00e9t\u00e9 de 34 lots.<br>Charges courantes : 1541.9\u20ac \/an.<br>Proc\u00e9dures en cours syndicat de copropri\u00e9t\u00e9 : N\u00e9ant<br>DPE : C<\/p>\n\n\n\n<p>C\u00f4t\u00e9 Quai,<br>Dans une copropri\u00e9t\u00e9 de standing, venez d\u00e9couvrir cet appartement de type 4 d&rsquo;une surface de 88,82 m2.<br>Il se trouve au deuxi\u00e8me \u00e9tage avec ascenseur, il se compose d&rsquo;un salon-s\u00e9jour ouvert sur la cuisine \u00e9quip\u00e9e et am\u00e9nag\u00e9e. La pi\u00e8ce \u00e0 vivire donne sur une terrasse de 7,85 m2 avec une vue panoramique sur le quai et le bassin de Cayenne.<br>Du c\u00f4t\u00e9 nuit, vous profiterez de 3 chambres donnant sur une terrasse de 15 m2, d&rsquo;une salle d&rsquo;eau et d&rsquo;un wc.<br>L&rsquo;appartement est vendu avec un grand garage permettant de stationner un v\u00e9hicule mais aussi pour du stockage.<br>Le bien dispose d&rsquo;un syst\u00e8me de chauffage \u00e9lectrique.<\/p>\n\n\n\n<p>ref. 347036403\/1566<\/p>\n\n\n\n<p><a href=\"https:\/\/www.imobook.fr\/fr\/annonce\/vente-p-r7-347036403.html\">https:\/\/www.imobook.fr\/fr\/annonce\/vente-p-r7-347036403.html<\/a><\/p>\n","protected":false},"excerpt":{"rendered":"<p>\ud83c\udfe2 APPARTEMENT\ud83d\udeaa T4\ud83d\udcd0 89 m\u00b2\ud83d\udccd SETE QUAI\ud83d\udecf\ufe0f 3 chambres\ud83d\udebf 1 salle d&rsquo;eau\ud83d\udebd 1 WC\ud83d\ude98 1 garage\ud83c\udf0a Vue mer quai \ud83d\udcb6 350 000 \u20ac**Honoraires Charge Acqu\u00e9reur : 5.74% TTC inclus (331 000 \u20ac hors honoraires) Bien soumis \u00e0 la copropri\u00e9t\u00e9.Copropri\u00e9t\u00e9 de 34 lots.Charges courantes : 1541.9\u20ac \/an.Proc\u00e9dures en cours syndicat de copropri\u00e9t\u00e9 : N\u00e9antDPE : C&#8230;  <a class=\"excerpt-read-more\" href=\"https:\/\/www.imobook.fr\/blog\/vendu-appartement-t4-89-m%c2%b2-sete-quai\/\" title=\"LireVendu : Appartement T4 89 m\u00b2 S\u00e8te Quai\">Lire la suite &raquo;<\/a><\/p>\n","protected":false},"author":2,"featured_media":220,"comment_status":"closed","ping_status":"closed","sticky":false,"template":"","format":"standard","meta":{"footnotes":""},"categories":[5],"tags":[18,12,20,16,15,14],"class_list":["post-223","post","type-post","status-publish","format-standard","has-post-thumbnail","hentry","category-biens-vendus","tag-appartement","tag-imobook","tag-quai","tag-sete","tag-t4","tag-vendu"],"yoast_head":"<!-- This site is optimized with the Yoast SEO plugin v27.5 - https:\/\/yoast.com\/product\/yoast-seo-wordpress\/ -->\n<title>Vendu : Appartement T4 89 m\u00b2 S\u00e8te Quai - Blog Imobook<\/title>\n<meta name=\"robots\" content=\"index, follow, max-snippet:-1, max-image-preview:large, max-video-preview:-1\" \/>\n<link rel=\"canonical\" href=\"https:\/\/www.imobook.fr\/blog\/vendu-appartement-t4-89-m\u00b2-sete-quai\/\" \/>\n<meta property=\"og:locale\" content=\"fr_FR\" \/>\n<meta property=\"og:type\" content=\"article\" \/>\n<meta property=\"og:title\" content=\"Vendu : Appartement T4 89 m\u00b2 S\u00e8te Quai - Blog Imobook\" \/>\n<meta property=\"og:description\" content=\"\ud83c\udfe2 APPARTEMENT\ud83d\udeaa T4\ud83d\udcd0 89 m\u00b2\ud83d\udccd SETE QUAI\ud83d\udecf\ufe0f 3 chambres\ud83d\udebf 1 salle d&rsquo;eau\ud83d\udebd 1 WC\ud83d\ude98 1 garage\ud83c\udf0a Vue mer quai \ud83d\udcb6 350 000 \u20ac**Honoraires Charge Acqu\u00e9reur : 5.74% TTC inclus (331 000 \u20ac hors honoraires) Bien soumis \u00e0 la copropri\u00e9t\u00e9.Copropri\u00e9t\u00e9 de 34 lots.Charges courantes : 1541.9\u20ac \/an.Proc\u00e9dures en cours syndicat de copropri\u00e9t\u00e9 : N\u00e9antDPE : C... Lire la suite &raquo;\" \/>\n<meta property=\"og:url\" content=\"https:\/\/www.imobook.fr\/blog\/vendu-appartement-t4-89-m\u00b2-sete-quai\/\" \/>\n<meta property=\"og:site_name\" content=\"Blog Imobook\" \/>\n<meta property=\"article:publisher\" content=\"https:\/\/www.facebook.com\/imobook7\" \/>\n<meta property=\"article:published_time\" content=\"2025-04-25T08:00:00+00:00\" \/>\n<meta property=\"article:modified_time\" content=\"2025-06-19T09:01:36+00:00\" \/>\n<meta property=\"og:image\" content=\"https:\/\/www.imobook.fr\/blog\/wp-content\/uploads\/2025\/06\/735-347036403-1566-MARTIN.jpg\" \/>\n\t<meta property=\"og:image:width\" content=\"1920\" \/>\n\t<meta property=\"og:image:height\" content=\"1440\" \/>\n\t<meta property=\"og:image:type\" content=\"image\/jpeg\" \/>\n<meta name=\"author\" content=\"R\u00e9mi BOREL\" \/>\n<meta name=\"twitter:card\" content=\"summary_large_image\" \/>\n<meta name=\"twitter:creator\" content=\"@imobooksete\" \/>\n<meta name=\"twitter:site\" content=\"@imobooksete\" \/>\n<meta name=\"twitter:label1\" content=\"\u00c9crit par\" \/>\n\t<meta name=\"twitter:data1\" content=\"R\u00e9mi BOREL\" \/>\n\t<meta name=\"twitter:label2\" content=\"Dur\u00e9e de lecture estim\u00e9e\" \/>\n\t<meta name=\"twitter:data2\" content=\"2 minutes\" \/>\n<script type=\"application\/ld+json\" class=\"yoast-schema-graph\">{\"@context\":\"https:\\\/\\\/schema.org\",\"@graph\":[{\"@type\":\"Article\",\"@id\":\"https:\\\/\\\/www.imobook.fr\\\/blog\\\/vendu-appartement-t4-89-m%c2%b2-sete-quai\\\/#article\",\"isPartOf\":{\"@id\":\"https:\\\/\\\/www.imobook.fr\\\/blog\\\/vendu-appartement-t4-89-m%c2%b2-sete-quai\\\/\"},\"author\":{\"name\":\"R\u00e9mi BOREL\",\"@id\":\"https:\\\/\\\/www.imobook.fr\\\/blog\\\/#\\\/schema\\\/person\\\/2951740184e137ec8d5010e248789b0f\"},\"headline\":\"Vendu : Appartement T4 89 m\u00b2 S\u00e8te Quai\",\"datePublished\":\"2025-04-25T08:00:00+00:00\",\"dateModified\":\"2025-06-19T09:01:36+00:00\",\"mainEntityOfPage\":{\"@id\":\"https:\\\/\\\/www.imobook.fr\\\/blog\\\/vendu-appartement-t4-89-m%c2%b2-sete-quai\\\/\"},\"wordCount\":183,\"publisher\":{\"@id\":\"https:\\\/\\\/www.imobook.fr\\\/blog\\\/#organization\"},\"image\":{\"@id\":\"https:\\\/\\\/www.imobook.fr\\\/blog\\\/vendu-appartement-t4-89-m%c2%b2-sete-quai\\\/#primaryimage\"},\"thumbnailUrl\":\"https:\\\/\\\/www.imobook.fr\\\/blog\\\/wp-content\\\/uploads\\\/2025\\\/06\\\/735-347036403-1566-MARTIN.jpg\",\"keywords\":[\"APPARTEMENT\",\"imobook\",\"QUAI\",\"SETE\",\"T4\",\"vendu\"],\"articleSection\":[\"Biens vendus\"],\"inLanguage\":\"fr-FR\"},{\"@type\":\"WebPage\",\"@id\":\"https:\\\/\\\/www.imobook.fr\\\/blog\\\/vendu-appartement-t4-89-m%c2%b2-sete-quai\\\/\",\"url\":\"https:\\\/\\\/www.imobook.fr\\\/blog\\\/vendu-appartement-t4-89-m%c2%b2-sete-quai\\\/\",\"name\":\"Vendu : Appartement T4 89 m\u00b2 S\u00e8te Quai - Blog Imobook\",\"isPartOf\":{\"@id\":\"https:\\\/\\\/www.imobook.fr\\\/blog\\\/#website\"},\"primaryImageOfPage\":{\"@id\":\"https:\\\/\\\/www.imobook.fr\\\/blog\\\/vendu-appartement-t4-89-m%c2%b2-sete-quai\\\/#primaryimage\"},\"image\":{\"@id\":\"https:\\\/\\\/www.imobook.fr\\\/blog\\\/vendu-appartement-t4-89-m%c2%b2-sete-quai\\\/#primaryimage\"},\"thumbnailUrl\":\"https:\\\/\\\/www.imobook.fr\\\/blog\\\/wp-content\\\/uploads\\\/2025\\\/06\\\/735-347036403-1566-MARTIN.jpg\",\"datePublished\":\"2025-04-25T08:00:00+00:00\",\"dateModified\":\"2025-06-19T09:01:36+00:00\",\"breadcrumb\":{\"@id\":\"https:\\\/\\\/www.imobook.fr\\\/blog\\\/vendu-appartement-t4-89-m%c2%b2-sete-quai\\\/#breadcrumb\"},\"inLanguage\":\"fr-FR\",\"potentialAction\":[{\"@type\":\"ReadAction\",\"target\":[\"https:\\\/\\\/www.imobook.fr\\\/blog\\\/vendu-appartement-t4-89-m%c2%b2-sete-quai\\\/\"]}]},{\"@type\":\"ImageObject\",\"inLanguage\":\"fr-FR\",\"@id\":\"https:\\\/\\\/www.imobook.fr\\\/blog\\\/vendu-appartement-t4-89-m%c2%b2-sete-quai\\\/#primaryimage\",\"url\":\"https:\\\/\\\/www.imobook.fr\\\/blog\\\/wp-content\\\/uploads\\\/2025\\\/06\\\/735-347036403-1566-MARTIN.jpg\",\"contentUrl\":\"https:\\\/\\\/www.imobook.fr\\\/blog\\\/wp-content\\\/uploads\\\/2025\\\/06\\\/735-347036403-1566-MARTIN.jpg\",\"width\":1920,\"height\":1440},{\"@type\":\"BreadcrumbList\",\"@id\":\"https:\\\/\\\/www.imobook.fr\\\/blog\\\/vendu-appartement-t4-89-m%c2%b2-sete-quai\\\/#breadcrumb\",\"itemListElement\":[{\"@type\":\"ListItem\",\"position\":1,\"name\":\"Accueil\",\"item\":\"https:\\\/\\\/www.imobook.fr\\\/blog\\\/\"},{\"@type\":\"ListItem\",\"position\":2,\"name\":\"Vendu : Appartement T4 89 m\u00b2 S\u00e8te Quai\"}]},{\"@type\":\"WebSite\",\"@id\":\"https:\\\/\\\/www.imobook.fr\\\/blog\\\/#website\",\"url\":\"https:\\\/\\\/www.imobook.fr\\\/blog\\\/\",\"name\":\"Blog Imobook\",\"description\":\"\",\"publisher\":{\"@id\":\"https:\\\/\\\/www.imobook.fr\\\/blog\\\/#organization\"},\"potentialAction\":[{\"@type\":\"SearchAction\",\"target\":{\"@type\":\"EntryPoint\",\"urlTemplate\":\"https:\\\/\\\/www.imobook.fr\\\/blog\\\/?s={search_term_string}\"},\"query-input\":{\"@type\":\"PropertyValueSpecification\",\"valueRequired\":true,\"valueName\":\"search_term_string\"}}],\"inLanguage\":\"fr-FR\"},{\"@type\":\"Organization\",\"@id\":\"https:\\\/\\\/www.imobook.fr\\\/blog\\\/#organization\",\"name\":\"Blog Imobook\",\"url\":\"https:\\\/\\\/www.imobook.fr\\\/blog\\\/\",\"logo\":{\"@type\":\"ImageObject\",\"inLanguage\":\"fr-FR\",\"@id\":\"https:\\\/\\\/www.imobook.fr\\\/blog\\\/#\\\/schema\\\/logo\\\/image\\\/\",\"url\":\"https:\\\/\\\/www.imobook.fr\\\/blog\\\/wp-content\\\/uploads\\\/2025\\\/03\\\/logo.png\",\"contentUrl\":\"https:\\\/\\\/www.imobook.fr\\\/blog\\\/wp-content\\\/uploads\\\/2025\\\/03\\\/logo.png\",\"width\":275,\"height\":66,\"caption\":\"Blog Imobook\"},\"image\":{\"@id\":\"https:\\\/\\\/www.imobook.fr\\\/blog\\\/#\\\/schema\\\/logo\\\/image\\\/\"},\"sameAs\":[\"https:\\\/\\\/www.facebook.com\\\/imobook7\",\"https:\\\/\\\/x.com\\\/imobooksete\",\"https:\\\/\\\/www.youtube.com\\\/channel\\\/UCGwQl43Qe0oKJkZrq8GmYMw\",\"https:\\\/\\\/www.instagram.com\\\/imobook\\\/\"]},{\"@type\":\"Person\",\"@id\":\"https:\\\/\\\/www.imobook.fr\\\/blog\\\/#\\\/schema\\\/person\\\/2951740184e137ec8d5010e248789b0f\",\"name\":\"R\u00e9mi BOREL\",\"image\":{\"@type\":\"ImageObject\",\"inLanguage\":\"fr-FR\",\"@id\":\"https:\\\/\\\/secure.gravatar.com\\\/avatar\\\/c31f53354b6912694695f506029b54bbd0d0671ebaa6db5de92909cc2d233774?s=96&d=mm&r=g\",\"url\":\"https:\\\/\\\/secure.gravatar.com\\\/avatar\\\/c31f53354b6912694695f506029b54bbd0d0671ebaa6db5de92909cc2d233774?s=96&d=mm&r=g\",\"contentUrl\":\"https:\\\/\\\/secure.gravatar.com\\\/avatar\\\/c31f53354b6912694695f506029b54bbd0d0671ebaa6db5de92909cc2d233774?s=96&d=mm&r=g\",\"caption\":\"R\u00e9mi BOREL\"},\"sameAs\":[\"https:\\\/\\\/www.imobook.fr\\\/\"],\"url\":\"https:\\\/\\\/www.imobook.fr\\\/blog\\\/author\\\/imobookadmincontenu\\\/\"}]}<\/script>\n<!-- \/ Yoast SEO plugin. -->","yoast_head_json":{"title":"Vendu : Appartement T4 89 m\u00b2 S\u00e8te Quai - Blog Imobook","robots":{"index":"index","follow":"follow","max-snippet":"max-snippet:-1","max-image-preview":"max-image-preview:large","max-video-preview":"max-video-preview:-1"},"canonical":"https:\/\/www.imobook.fr\/blog\/vendu-appartement-t4-89-m\u00b2-sete-quai\/","og_locale":"fr_FR","og_type":"article","og_title":"Vendu : Appartement T4 89 m\u00b2 S\u00e8te Quai - Blog Imobook","og_description":"\ud83c\udfe2 APPARTEMENT\ud83d\udeaa T4\ud83d\udcd0 89 m\u00b2\ud83d\udccd SETE QUAI\ud83d\udecf\ufe0f 3 chambres\ud83d\udebf 1 salle d&rsquo;eau\ud83d\udebd 1 WC\ud83d\ude98 1 garage\ud83c\udf0a Vue mer quai \ud83d\udcb6 350 000 \u20ac**Honoraires Charge Acqu\u00e9reur : 5.74% TTC inclus (331 000 \u20ac hors honoraires) Bien soumis \u00e0 la copropri\u00e9t\u00e9.Copropri\u00e9t\u00e9 de 34 lots.Charges courantes : 1541.9\u20ac \/an.Proc\u00e9dures en cours syndicat de copropri\u00e9t\u00e9 : N\u00e9antDPE : C... Lire la suite &raquo;","og_url":"https:\/\/www.imobook.fr\/blog\/vendu-appartement-t4-89-m\u00b2-sete-quai\/","og_site_name":"Blog Imobook","article_publisher":"https:\/\/www.facebook.com\/imobook7","article_published_time":"2025-04-25T08:00:00+00:00","article_modified_time":"2025-06-19T09:01:36+00:00","og_image":[{"width":1920,"height":1440,"url":"https:\/\/www.imobook.fr\/blog\/wp-content\/uploads\/2025\/06\/735-347036403-1566-MARTIN.jpg","type":"image\/jpeg"}],"author":"R\u00e9mi BOREL","twitter_card":"summary_large_image","twitter_creator":"@imobooksete","twitter_site":"@imobooksete","twitter_misc":{"\u00c9crit par":"R\u00e9mi BOREL","Dur\u00e9e de lecture estim\u00e9e":"2 minutes"},"schema":{"@context":"https:\/\/schema.org","@graph":[{"@type":"Article","@id":"https:\/\/www.imobook.fr\/blog\/vendu-appartement-t4-89-m%c2%b2-sete-quai\/#article","isPartOf":{"@id":"https:\/\/www.imobook.fr\/blog\/vendu-appartement-t4-89-m%c2%b2-sete-quai\/"},"author":{"name":"R\u00e9mi BOREL","@id":"https:\/\/www.imobook.fr\/blog\/#\/schema\/person\/2951740184e137ec8d5010e248789b0f"},"headline":"Vendu : Appartement T4 89 m\u00b2 S\u00e8te Quai","datePublished":"2025-04-25T08:00:00+00:00","dateModified":"2025-06-19T09:01:36+00:00","mainEntityOfPage":{"@id":"https:\/\/www.imobook.fr\/blog\/vendu-appartement-t4-89-m%c2%b2-sete-quai\/"},"wordCount":183,"publisher":{"@id":"https:\/\/www.imobook.fr\/blog\/#organization"},"image":{"@id":"https:\/\/www.imobook.fr\/blog\/vendu-appartement-t4-89-m%c2%b2-sete-quai\/#primaryimage"},"thumbnailUrl":"https:\/\/www.imobook.fr\/blog\/wp-content\/uploads\/2025\/06\/735-347036403-1566-MARTIN.jpg","keywords":["APPARTEMENT","imobook","QUAI","SETE","T4","vendu"],"articleSection":["Biens vendus"],"inLanguage":"fr-FR"},{"@type":"WebPage","@id":"https:\/\/www.imobook.fr\/blog\/vendu-appartement-t4-89-m%c2%b2-sete-quai\/","url":"https:\/\/www.imobook.fr\/blog\/vendu-appartement-t4-89-m%c2%b2-sete-quai\/","name":"Vendu : Appartement T4 89 m\u00b2 S\u00e8te Quai - Blog Imobook","isPartOf":{"@id":"https:\/\/www.imobook.fr\/blog\/#website"},"primaryImageOfPage":{"@id":"https:\/\/www.imobook.fr\/blog\/vendu-appartement-t4-89-m%c2%b2-sete-quai\/#primaryimage"},"image":{"@id":"https:\/\/www.imobook.fr\/blog\/vendu-appartement-t4-89-m%c2%b2-sete-quai\/#primaryimage"},"thumbnailUrl":"https:\/\/www.imobook.fr\/blog\/wp-content\/uploads\/2025\/06\/735-347036403-1566-MARTIN.jpg","datePublished":"2025-04-25T08:00:00+00:00","dateModified":"2025-06-19T09:01:36+00:00","breadcrumb":{"@id":"https:\/\/www.imobook.fr\/blog\/vendu-appartement-t4-89-m%c2%b2-sete-quai\/#breadcrumb"},"inLanguage":"fr-FR","potentialAction":[{"@type":"ReadAction","target":["https:\/\/www.imobook.fr\/blog\/vendu-appartement-t4-89-m%c2%b2-sete-quai\/"]}]},{"@type":"ImageObject","inLanguage":"fr-FR","@id":"https:\/\/www.imobook.fr\/blog\/vendu-appartement-t4-89-m%c2%b2-sete-quai\/#primaryimage","url":"https:\/\/www.imobook.fr\/blog\/wp-content\/uploads\/2025\/06\/735-347036403-1566-MARTIN.jpg","contentUrl":"https:\/\/www.imobook.fr\/blog\/wp-content\/uploads\/2025\/06\/735-347036403-1566-MARTIN.jpg","width":1920,"height":1440},{"@type":"BreadcrumbList","@id":"https:\/\/www.imobook.fr\/blog\/vendu-appartement-t4-89-m%c2%b2-sete-quai\/#breadcrumb","itemListElement":[{"@type":"ListItem","position":1,"name":"Accueil","item":"https:\/\/www.imobook.fr\/blog\/"},{"@type":"ListItem","position":2,"name":"Vendu : Appartement T4 89 m\u00b2 S\u00e8te Quai"}]},{"@type":"WebSite","@id":"https:\/\/www.imobook.fr\/blog\/#website","url":"https:\/\/www.imobook.fr\/blog\/","name":"Blog Imobook","description":"","publisher":{"@id":"https:\/\/www.imobook.fr\/blog\/#organization"},"potentialAction":[{"@type":"SearchAction","target":{"@type":"EntryPoint","urlTemplate":"https:\/\/www.imobook.fr\/blog\/?s={search_term_string}"},"query-input":{"@type":"PropertyValueSpecification","valueRequired":true,"valueName":"search_term_string"}}],"inLanguage":"fr-FR"},{"@type":"Organization","@id":"https:\/\/www.imobook.fr\/blog\/#organization","name":"Blog Imobook","url":"https:\/\/www.imobook.fr\/blog\/","logo":{"@type":"ImageObject","inLanguage":"fr-FR","@id":"https:\/\/www.imobook.fr\/blog\/#\/schema\/logo\/image\/","url":"https:\/\/www.imobook.fr\/blog\/wp-content\/uploads\/2025\/03\/logo.png","contentUrl":"https:\/\/www.imobook.fr\/blog\/wp-content\/uploads\/2025\/03\/logo.png","width":275,"height":66,"caption":"Blog Imobook"},"image":{"@id":"https:\/\/www.imobook.fr\/blog\/#\/schema\/logo\/image\/"},"sameAs":["https:\/\/www.facebook.com\/imobook7","https:\/\/x.com\/imobooksete","https:\/\/www.youtube.com\/channel\/UCGwQl43Qe0oKJkZrq8GmYMw","https:\/\/www.instagram.com\/imobook\/"]},{"@type":"Person","@id":"https:\/\/www.imobook.fr\/blog\/#\/schema\/person\/2951740184e137ec8d5010e248789b0f","name":"R\u00e9mi BOREL","image":{"@type":"ImageObject","inLanguage":"fr-FR","@id":"https:\/\/secure.gravatar.com\/avatar\/c31f53354b6912694695f506029b54bbd0d0671ebaa6db5de92909cc2d233774?s=96&d=mm&r=g","url":"https:\/\/secure.gravatar.com\/avatar\/c31f53354b6912694695f506029b54bbd0d0671ebaa6db5de92909cc2d233774?s=96&d=mm&r=g","contentUrl":"https:\/\/secure.gravatar.com\/avatar\/c31f53354b6912694695f506029b54bbd0d0671ebaa6db5de92909cc2d233774?s=96&d=mm&r=g","caption":"R\u00e9mi BOREL"},"sameAs":["https:\/\/www.imobook.fr\/"],"url":"https:\/\/www.imobook.fr\/blog\/author\/imobookadmincontenu\/"}]}},"_links":{"self":[{"href":"https:\/\/www.imobook.fr\/blog\/wp-json\/wp\/v2\/posts\/223","targetHints":{"allow":["GET"]}}],"collection":[{"href":"https:\/\/www.imobook.fr\/blog\/wp-json\/wp\/v2\/posts"}],"about":[{"href":"https:\/\/www.imobook.fr\/blog\/wp-json\/wp\/v2\/types\/post"}],"author":[{"embeddable":true,"href":"https:\/\/www.imobook.fr\/blog\/wp-json\/wp\/v2\/users\/2"}],"replies":[{"embeddable":true,"href":"https:\/\/www.imobook.fr\/blog\/wp-json\/wp\/v2\/comments?post=223"}],"version-history":[{"count":1,"href":"https:\/\/www.imobook.fr\/blog\/wp-json\/wp\/v2\/posts\/223\/revisions"}],"predecessor-version":[{"id":224,"href":"https:\/\/www.imobook.fr\/blog\/wp-json\/wp\/v2\/posts\/223\/revisions\/224"}],"wp:featuredmedia":[{"embeddable":true,"href":"https:\/\/www.imobook.fr\/blog\/wp-json\/wp\/v2\/media\/220"}],"wp:attachment":[{"href":"https:\/\/www.imobook.fr\/blog\/wp-json\/wp\/v2\/media?parent=223"}],"wp:term":[{"taxonomy":"category","embeddable":true,"href":"https:\/\/www.imobook.fr\/blog\/wp-json\/wp\/v2\/categories?post=223"},{"taxonomy":"post_tag","embeddable":true,"href":"https:\/\/www.imobook.fr\/blog\/wp-json\/wp\/v2\/tags?post=223"}],"curies":[{"name":"wp","href":"https:\/\/api.w.org\/{rel}","templated":true}]}}